{"id":19035,"date":"2022-01-23T16:54:32","date_gmt":"2022-01-23T16:54:32","guid":{"rendered":"https:\/\/www.trioarbos.es\/?p=19035"},"modified":"2022-01-23T20:58:32","modified_gmt":"2022-01-23T20:58:32","slug":"the-trio-arbos-launches-its-new-album-boleros","status":"publish","type":"post","link":"https:\/\/www.trioarbos.es\/en\/the-trio-arbos-launches-its-new-album-boleros\/","title":{"rendered":"The Tr\u00edo Arb\u00f3s launches its new album: Boleros"},"content":{"rendered":"\n<h2 class=\"gb-headline gb-headline-a6b7b16d gb-headline-text\"><strong>Trio Arb\u00f3s launches its new album for the label Sacratif, together with the singer Sandra Carrasco: BOLEROS arranged by Ricard Miralles<\/strong><\/h2>\n\n\n\n<p>\u201cTo speak of music without speaking of boleros is like not saying anything at all\u201d \u2014 Gabriel Garc\u00eda M\u00e1rquez.<\/p>\n\n\n\n<p>Trio Arb\u00f3s accompanies the prodigious voice of Sandra Carrasco in an album of boleros arranged&nbsp; by Ricard Miralles, one of the most important arrangers of Spanish music. Miralles processes the musical essence of the boleros on this recording and returns to us a \u201csound atmosphere\u201d replete with infinite harmonic details, achieving also a prodigious interaction of the instruments with vocals in an iridescent and vibrant dialogue.<\/p>\n\n\n\n<p>WITH A GENTLE WHISPER<\/p>\n\n\n\n<p>Perhaps a whisper uttered in someone\u2019s ear or the falling of a naked lock of hair on a bare neck define the bolero better than all the literary or musical references that could be applied to the genre. From its supposed Spanish origins in three-four time to its definitive structure in two-four time, projected onto an overwhelming myriad of subgenres, the bolero, rather than a musical and literary genre, is, as Sergio Sinay has stated, \u201ca sentimental cartography of a continent\u201d. Not of a geographical content, by the way, but of a symbolic continent: the Hispanic world.&nbsp; If Cuba and Mexico were the origin of this artistic and conceptual treasure, it does not matter much. Or rather it does, because Caribbean Tropic\u00e1lia\u2019s privileged access to affairs of the heart undoubtedly facilitated the identitarian encounter with a Latin American character that crossed geographical borders and encapsulated, as few artistic forms have been able to, the essential outlook of millions of creatures united by a common language.<\/p>\n\n\n\n<p>Nobody has defined the true nature of the bolero better than Guillermo Cabrera Infante: \u201cthe bolero is a song with rhythm\u201d. Far more than the infinite connotations and influences of this cultural amalgam that has almost become a way of life (or knowledge), the bolero is music and word, and probably the most powerful combination for expressing the soul of things. Cabrera Infante deploys his legendary wit to transcend that basic but accurate starting point: \u201cthe bolero is an aura, an ambit, and the place where poetry and music meet. The words rest on the rhythm. It is the opposite of the romantic musical ideal, a romance with words\u201d.&nbsp; He ends by observing that \u201cultimately, the bolero is not a rhythm but a sonorous atmosphere that is intended above all else to be poetic\u201d. Indeed, the rich poetic-literary influences of the bolero have been traced from 15<sup>th<\/sup>-century Castilian lyrical poetry and its subject matter of courtly love (Zavala wittily defines the bolero as \u201ca soap opera written by Petrarch\u201d), up to the poetry of Ibero-American <em>modernismo<\/em>, with all its arsenal of hyperbole and taste for the affected. After pointing out that he unsuccessfully tried to write a bolero with Armando Manzanero, Gabriel Garc\u00eda M\u00e1rquez wrote that \u201cto be able to synthesise in the five or six lines of a bolero everything that a bolero encapsulates is a true literary feat\u201d.<\/p>\n\n\n\n<p>Furthermore, in musical terms, the bolero is a perfect synthesis of melodic and harmonic inspiration. So much so that the author of <em>One Hundred Years of Solitude <\/em>believed that \u201cto speak of music without speaking of boleros is like not saying anything at all\u201d. It is in that necessary musical conversation about the bolero where the wonderful arrangements on this album find their voice. From his refined perspective, Ricard Miralles processes the musical essence of the boleros on this recording and returns to us a \u201csound atmosphere\u201d replete with infinite harmonic details, achieving also a prodigious interaction of the instruments with vocals in an iridescent and vibrant dialogue. Those vocals are the voice of Sandra Carrasco, which, as Cabrera Infante states in relation to the great performers of this genre, \u201ctakes from the music and especially the lyrics to turn someone else\u2019s creation into a personal song\u201d.<\/p>\n\n\n\n<p>Juan Carlos Garvayo<\/p>\n\n\n\n<h2 class=\"gb-headline gb-headline-2086bbfd gb-headline-text\"><a href=\"https:\/\/open.spotify.com\/album\/7tHv9VPAqtlF9NZkxojxYt\"><strong>Listen to the new album BOLEROS in Spotify<\/strong><\/a><\/h2>\n","protected":false},"excerpt":{"rendered":"<p>Trio Arb\u00f3s launches its new album for the label Sacratif, together with the singer Sandra Carrasco: BOLEROS arranged by Ricard Miralles \u201cTo speak of music without speaking of boleros is like not saying anything at all\u201d \u2014 Gabriel Garc\u00eda M\u00e1rquez. Trio Arb\u00f3s accompanies the prodigious voice of Sandra Carrasco in an album of boleros arranged&nbsp; by Ricard Miralles, one of &#8230; <a title=\"The Tr\u00edo Arb\u00f3s launches its new album: Boleros\" class=\"read-more\" href=\"https:\/\/www.trioarbos.es\/en\/the-trio-arbos-launches-its-new-album-boleros\/\" aria-label=\"More on The Tr\u00edo Arb\u00f3s launches its new album: Boleros\">Read More<\/a><\/p>\n","protected":false},"author":3,"featured_media":19049,"comment_status":"closed","ping_status":"closed","sticky":false,"template":"","format":"standard","meta":{"footnotes":""},"categories":[7],"tags":[],"yoast_head":"<!-- This site is optimized with the Yoast SEO plugin v18.0 - https:\/\/yoast.com\/wordpress\/plugins\/seo\/ -->\n<title>The Tr\u00edo Arb\u00f3s launches its new album: Boleros - Tr\u00edo Arb\u00f3s<\/title>\n<meta name=\"robots\" content=\"index, follow, max-snippet:-1, max-image-preview:large, max-video-preview:-1\" \/>\n<link rel=\"canonical\" href=\"https:\/\/www.trioarbos.es\/en\/the-trio-arbos-launches-its-new-album-boleros\/\" \/>\n<meta property=\"og:locale\" content=\"en_US\" \/>\n<meta property=\"og:type\" content=\"article\" \/>\n<meta property=\"og:title\" content=\"The Tr\u00edo Arb\u00f3s launches its new album: Boleros - Tr\u00edo Arb\u00f3s\" \/>\n<meta property=\"og:description\" content=\"Trio Arb\u00f3s launches its new album for the label Sacratif, together with the singer Sandra Carrasco: BOLEROS arranged by Ricard Miralles \u201cTo speak of music without speaking of boleros is like not saying anything at all\u201d \u2014 Gabriel Garc\u00eda M\u00e1rquez. Trio Arb\u00f3s accompanies the prodigious voice of Sandra Carrasco in an album of boleros arranged&nbsp; by Ricard Miralles, one of ... Read More\" \/>\n<meta property=\"og:url\" content=\"https:\/\/www.trioarbos.es\/en\/the-trio-arbos-launches-its-new-album-boleros\/\" \/>\n<meta property=\"og:site_name\" content=\"Tr\u00edo Arb\u00f3s\" \/>\n<meta property=\"article:published_time\" content=\"2022-01-23T16:54:32+00:00\" \/>\n<meta property=\"article:modified_time\" content=\"2022-01-23T20:58:32+00:00\" \/>\n<meta property=\"og:image\" content=\"https:\/\/www.trioarbos.es\/wp-content\/uploads\/2022\/01\/PORTADA-BOLEROS-COLOR-10012022.jpg\" \/>\n\t<meta property=\"og:image:width\" content=\"1648\" \/>\n\t<meta property=\"og:image:height\" content=\"1476\" \/>\n\t<meta property=\"og:image:type\" content=\"image\/jpeg\" \/>\n<meta name=\"twitter:card\" content=\"summary_large_image\" \/>\n<meta name=\"twitter:label1\" content=\"Written by\" \/>\n\t<meta name=\"twitter:data1\" content=\"Tr\u00edo Arb\u00f3s\" \/>\n\t<meta name=\"twitter:label2\" content=\"Est. reading time\" \/>\n\t<meta name=\"twitter:data2\" content=\"3 minutes\" \/>\n<script type=\"application\/ld+json\" class=\"yoast-schema-graph\">{\"@context\":\"https:\/\/schema.org\",\"@graph\":[{\"@type\":\"WebSite\",\"@id\":\"https:\/\/www.trioarbos.es\/#website\",\"url\":\"https:\/\/www.trioarbos.es\/\",\"name\":\"Tr\u00edo Arb\u00f3s\",\"description\":\"M\u00fasica de c\u00e1mara\",\"potentialAction\":[{\"@type\":\"SearchAction\",\"target\":{\"@type\":\"EntryPoint\",\"urlTemplate\":\"https:\/\/www.trioarbos.es\/?s={search_term_string}\"},\"query-input\":\"required name=search_term_string\"}],\"inLanguage\":\"en-US\"},{\"@type\":\"ImageObject\",\"@id\":\"https:\/\/www.trioarbos.es\/en\/the-trio-arbos-launches-its-new-album-boleros\/#primaryimage\",\"inLanguage\":\"en-US\",\"url\":\"https:\/\/www.trioarbos.es\/wp-content\/uploads\/2022\/01\/PORTADA-BOLEROS-COLOR-10012022.jpg\",\"contentUrl\":\"https:\/\/www.trioarbos.es\/wp-content\/uploads\/2022\/01\/PORTADA-BOLEROS-COLOR-10012022.jpg\",\"width\":1648,\"height\":1476},{\"@type\":\"WebPage\",\"@id\":\"https:\/\/www.trioarbos.es\/en\/the-trio-arbos-launches-its-new-album-boleros\/#webpage\",\"url\":\"https:\/\/www.trioarbos.es\/en\/the-trio-arbos-launches-its-new-album-boleros\/\",\"name\":\"The Tr\u00edo Arb\u00f3s launches its new album: Boleros - Tr\u00edo Arb\u00f3s\",\"isPartOf\":{\"@id\":\"https:\/\/www.trioarbos.es\/#website\"},\"primaryImageOfPage\":{\"@id\":\"https:\/\/www.trioarbos.es\/en\/the-trio-arbos-launches-its-new-album-boleros\/#primaryimage\"},\"datePublished\":\"2022-01-23T16:54:32+00:00\",\"dateModified\":\"2022-01-23T20:58:32+00:00\",\"author\":{\"@id\":\"https:\/\/www.trioarbos.es\/#\/schema\/person\/72a54d154e2cd700fd0feef9256de110\"},\"breadcrumb\":{\"@id\":\"https:\/\/www.trioarbos.es\/en\/the-trio-arbos-launches-its-new-album-boleros\/#breadcrumb\"},\"inLanguage\":\"en-US\",\"potentialAction\":[{\"@type\":\"ReadAction\",\"target\":[\"https:\/\/www.trioarbos.es\/en\/the-trio-arbos-launches-its-new-album-boleros\/\"]}]},{\"@type\":\"BreadcrumbList\",\"@id\":\"https:\/\/www.trioarbos.es\/en\/the-trio-arbos-launches-its-new-album-boleros\/#breadcrumb\",\"itemListElement\":[{\"@type\":\"ListItem\",\"position\":1,\"name\":\"Portada\",\"item\":\"https:\/\/www.trioarbos.es\/en\/\"},{\"@type\":\"ListItem\",\"position\":2,\"name\":\"The Tr\u00edo Arb\u00f3s launches its new album: Boleros\"}]},{\"@type\":\"Person\",\"@id\":\"https:\/\/www.trioarbos.es\/#\/schema\/person\/72a54d154e2cd700fd0feef9256de110\",\"name\":\"Tr\u00edo Arb\u00f3s\",\"image\":{\"@type\":\"ImageObject\",\"@id\":\"https:\/\/www.trioarbos.es\/#personlogo\",\"inLanguage\":\"en-US\",\"url\":\"https:\/\/secure.gravatar.com\/avatar\/d4909597b9e24899c90cdb3604ae293d?s=96&d=mm&r=g\",\"contentUrl\":\"https:\/\/secure.gravatar.com\/avatar\/d4909597b9e24899c90cdb3604ae293d?s=96&d=mm&r=g\",\"caption\":\"Tr\u00edo Arb\u00f3s\"},\"sameAs\":[\"http:\/\/www.trioarbos.es\"],\"url\":\"https:\/\/www.trioarbos.es\/en\/author\/trioarbos\/\"}]}<\/script>\n<!-- \/ Yoast SEO plugin. -->","yoast_head_json":{"title":"The Tr\u00edo Arb\u00f3s launches its new album: Boleros - Tr\u00edo Arb\u00f3s","robots":{"index":"index","follow":"follow","max-snippet":"max-snippet:-1","max-image-preview":"max-image-preview:large","max-video-preview":"max-video-preview:-1"},"canonical":"https:\/\/www.trioarbos.es\/en\/the-trio-arbos-launches-its-new-album-boleros\/","og_locale":"en_US","og_type":"article","og_title":"The Tr\u00edo Arb\u00f3s launches its new album: Boleros - Tr\u00edo Arb\u00f3s","og_description":"Trio Arb\u00f3s launches its new album for the label Sacratif, together with the singer Sandra Carrasco: BOLEROS arranged by Ricard Miralles \u201cTo speak of music without speaking of boleros is like not saying anything at all\u201d \u2014 Gabriel Garc\u00eda M\u00e1rquez. Trio Arb\u00f3s accompanies the prodigious voice of Sandra Carrasco in an album of boleros arranged&nbsp; by Ricard Miralles, one of ... Read More","og_url":"https:\/\/www.trioarbos.es\/en\/the-trio-arbos-launches-its-new-album-boleros\/","og_site_name":"Tr\u00edo Arb\u00f3s","article_published_time":"2022-01-23T16:54:32+00:00","article_modified_time":"2022-01-23T20:58:32+00:00","og_image":[{"width":1648,"height":1476,"url":"https:\/\/www.trioarbos.es\/wp-content\/uploads\/2022\/01\/PORTADA-BOLEROS-COLOR-10012022.jpg","type":"image\/jpeg"}],"twitter_card":"summary_large_image","twitter_misc":{"Written by":"Tr\u00edo Arb\u00f3s","Est. reading time":"3 minutes"},"schema":{"@context":"https:\/\/schema.org","@graph":[{"@type":"WebSite","@id":"https:\/\/www.trioarbos.es\/#website","url":"https:\/\/www.trioarbos.es\/","name":"Tr\u00edo Arb\u00f3s","description":"M\u00fasica de c\u00e1mara","potentialAction":[{"@type":"SearchAction","target":{"@type":"EntryPoint","urlTemplate":"https:\/\/www.trioarbos.es\/?s={search_term_string}"},"query-input":"required name=search_term_string"}],"inLanguage":"en-US"},{"@type":"ImageObject","@id":"https:\/\/www.trioarbos.es\/en\/the-trio-arbos-launches-its-new-album-boleros\/#primaryimage","inLanguage":"en-US","url":"https:\/\/www.trioarbos.es\/wp-content\/uploads\/2022\/01\/PORTADA-BOLEROS-COLOR-10012022.jpg","contentUrl":"https:\/\/www.trioarbos.es\/wp-content\/uploads\/2022\/01\/PORTADA-BOLEROS-COLOR-10012022.jpg","width":1648,"height":1476},{"@type":"WebPage","@id":"https:\/\/www.trioarbos.es\/en\/the-trio-arbos-launches-its-new-album-boleros\/#webpage","url":"https:\/\/www.trioarbos.es\/en\/the-trio-arbos-launches-its-new-album-boleros\/","name":"The Tr\u00edo Arb\u00f3s launches its new album: Boleros - Tr\u00edo Arb\u00f3s","isPartOf":{"@id":"https:\/\/www.trioarbos.es\/#website"},"primaryImageOfPage":{"@id":"https:\/\/www.trioarbos.es\/en\/the-trio-arbos-launches-its-new-album-boleros\/#primaryimage"},"datePublished":"2022-01-23T16:54:32+00:00","dateModified":"2022-01-23T20:58:32+00:00","author":{"@id":"https:\/\/www.trioarbos.es\/#\/schema\/person\/72a54d154e2cd700fd0feef9256de110"},"breadcrumb":{"@id":"https:\/\/www.trioarbos.es\/en\/the-trio-arbos-launches-its-new-album-boleros\/#breadcrumb"},"inLanguage":"en-US","potentialAction":[{"@type":"ReadAction","target":["https:\/\/www.trioarbos.es\/en\/the-trio-arbos-launches-its-new-album-boleros\/"]}]},{"@type":"BreadcrumbList","@id":"https:\/\/www.trioarbos.es\/en\/the-trio-arbos-launches-its-new-album-boleros\/#breadcrumb","itemListElement":[{"@type":"ListItem","position":1,"name":"Portada","item":"https:\/\/www.trioarbos.es\/en\/"},{"@type":"ListItem","position":2,"name":"The Tr\u00edo Arb\u00f3s launches its new album: Boleros"}]},{"@type":"Person","@id":"https:\/\/www.trioarbos.es\/#\/schema\/person\/72a54d154e2cd700fd0feef9256de110","name":"Tr\u00edo Arb\u00f3s","image":{"@type":"ImageObject","@id":"https:\/\/www.trioarbos.es\/#personlogo","inLanguage":"en-US","url":"https:\/\/secure.gravatar.com\/avatar\/d4909597b9e24899c90cdb3604ae293d?s=96&d=mm&r=g","contentUrl":"https:\/\/secure.gravatar.com\/avatar\/d4909597b9e24899c90cdb3604ae293d?s=96&d=mm&r=g","caption":"Tr\u00edo Arb\u00f3s"},"sameAs":["http:\/\/www.trioarbos.es"],"url":"https:\/\/www.trioarbos.es\/en\/author\/trioarbos\/"}]}},"_links":{"self":[{"href":"https:\/\/www.trioarbos.es\/en\/wp-json\/wp\/v2\/posts\/19035"}],"collection":[{"href":"https:\/\/www.trioarbos.es\/en\/wp-json\/wp\/v2\/posts"}],"about":[{"href":"https:\/\/www.trioarbos.es\/en\/wp-json\/wp\/v2\/types\/post"}],"author":[{"embeddable":true,"href":"https:\/\/www.trioarbos.es\/en\/wp-json\/wp\/v2\/users\/3"}],"replies":[{"embeddable":true,"href":"https:\/\/www.trioarbos.es\/en\/wp-json\/wp\/v2\/comments?post=19035"}],"version-history":[{"count":2,"href":"https:\/\/www.trioarbos.es\/en\/wp-json\/wp\/v2\/posts\/19035\/revisions"}],"predecessor-version":[{"id":19038,"href":"https:\/\/www.trioarbos.es\/en\/wp-json\/wp\/v2\/posts\/19035\/revisions\/19038"}],"wp:featuredmedia":[{"embeddable":true,"href":"https:\/\/www.trioarbos.es\/en\/wp-json\/wp\/v2\/media\/19049"}],"wp:attachment":[{"href":"https:\/\/www.trioarbos.es\/en\/wp-json\/wp\/v2\/media?parent=19035"}],"wp:term":[{"taxonomy":"category","embeddable":true,"href":"https:\/\/www.trioarbos.es\/en\/wp-json\/wp\/v2\/categories?post=19035"},{"taxonomy":"post_tag","embeddable":true,"href":"https:\/\/www.trioarbos.es\/en\/wp-json\/wp\/v2\/tags?post=19035"}],"curies":[{"name":"wp","href":"https:\/\/api.w.org\/{rel}","templated":true}]}}